{"id":427,"date":"2025-10-09T09:37:40","date_gmt":"2025-10-09T07:37:40","guid":{"rendered":"https:\/\/ai-fair-use.org\/?p=427"},"modified":"2025-10-09T09:38:09","modified_gmt":"2025-10-09T07:38:09","slug":"angst-vor-ki-folgen-waechst-34-der-deutschen-befuerchten-jobverlust","status":"publish","type":"post","link":"https:\/\/ai-fair-use.org\/en\/angst-vor-ki-folgen-waechst-34-der-deutschen-befuerchten-jobverlust\/","title":{"rendered":"Angst vor KI-Folgen w\u00e4chst \u2013 34\u202f% der Deutschen bef\u00fcrchten Jobverlust"},"content":{"rendered":"<p>Eine umfassende Umfrage im Auftrag des <strong>RND \/ YouGov<\/strong> ergab: <strong>34\u202f% der Deutschen<\/strong> f\u00fcrchten aktiv, durch K\u00fcnstliche Intelligenz ihren Arbeitsplatz zu verlieren, w\u00e4hrend 62\u202f% keine derartige Sorge \u00e4u\u00dfern und 5\u202f% sich unschl\u00fcssig sind. Besonders stark ausgepr\u00e4gt ist die Angst in Branchen und bei T\u00e4tigkeiten mit hohem Automatisierungspotenzial.<\/p>\n\n\n\n<p>Diese Bef\u00fcrchtungen spiegeln mehr als technische Unruhe: Sie deuten auf Sorgen um Qualifikation, Zukunftssicherheit und gesellschaftlichen Wandel. Auch wenn KI-Berichte h\u00e4ufig von \u201cAufgabenumverteilung\u201d statt \u201cVerschwinden von Jobs\u201d sprechen, zeigt die Umfrage: viele Menschen erleben die Technologie als Bedrohung f\u00fcr ihre berufliche Identit\u00e4t.<\/p>\n\n\n\n<p><strong>Quelle:<\/strong><br><a href=\"https:\/\/www.rnd.de\/wirtschaft\/angst-vor-ki-folgen-jeder-dritte-befuerchtet-jobverlust-QJWYZVJCKVLS5IK3OEGY7ZHCLE.html\" target=\"_blank\" rel=\"noreferrer noopener\">\u201eAngst vor KI\u2011Folgen: Jeder Dritte bef\u00fcrchtet Jobverlust\u201c \u2014 RND \/ Redaktionsnetzwerk Deutschland<\/a><\/p>","protected":false},"excerpt":{"rendered":"<p>Eine umfassende Umfrage im Auftrag des RND \/ YouGov ergab: 34\u202f% der Deutschen f\u00fcrchten aktiv, durch K\u00fcnstliche Intelligenz ihren Arbeitsplatz zu verlieren, w\u00e4hrend 62\u202f% keine derartige Sorge \u00e4u\u00dfern und 5\u202f% sich unschl\u00fcssig sind. Besonders stark ausgepr\u00e4gt ist die Angst in Branchen und bei T\u00e4tigkeiten mit hohem Automatisierungspotenzial. Diese Bef\u00fcrchtungen spiegeln mehr als technische Unruhe: Sie [&hellip;]<\/p>\n","protected":false},"author":1,"featured_media":0,"comment_status":"closed","ping_status":"closed","sticky":false,"template":"","format":"standard","meta":{"_uag_custom_page_level_css":"","footnotes":""},"categories":[1],"tags":[223,221,224,222,225],"class_list":["post-427","post","type-post","status-publish","format-standard","hentry","category-allgemein","tag-automatisierung-arbeitsplatz","tag-jobverlust-deutschland","tag-ki-aengste","tag-ki-sorgen","tag-rnd-umfrage"],"uagb_featured_image_src":{"full":false,"thumbnail":false,"medium":false,"medium_large":false,"large":false,"1536x1536":false,"2048x2048":false,"trp-custom-language-flag":false},"uagb_author_info":{"display_name":"Presse","author_link":"#"},"uagb_comment_info":0,"uagb_excerpt":"Eine umfassende Umfrage im Auftrag des RND \/ YouGov ergab: 34\u202f% der Deutschen f\u00fcrchten aktiv, durch K\u00fcnstliche Intelligenz ihren Arbeitsplatz zu verlieren, w\u00e4hrend 62\u202f% keine derartige Sorge \u00e4u\u00dfern und 5\u202f% sich unschl\u00fcssig sind. Besonders stark ausgepr\u00e4gt ist die Angst in Branchen und bei T\u00e4tigkeiten mit hohem Automatisierungspotenzial. Diese Bef\u00fcrchtungen spiegeln mehr als technische Unruhe: Sie&hellip;","_links":{"self":[{"href":"https:\/\/ai-fair-use.org\/en\/wp-json\/wp\/v2\/posts\/427","targetHints":{"allow":["GET"]}}],"collection":[{"href":"https:\/\/ai-fair-use.org\/en\/wp-json\/wp\/v2\/posts"}],"about":[{"href":"https:\/\/ai-fair-use.org\/en\/wp-json\/wp\/v2\/types\/post"}],"author":[{"embeddable":true,"href":"https:\/\/ai-fair-use.org\/en\/wp-json\/wp\/v2\/users\/1"}],"replies":[{"embeddable":true,"href":"https:\/\/ai-fair-use.org\/en\/wp-json\/wp\/v2\/comments?post=427"}],"version-history":[{"count":1,"href":"https:\/\/ai-fair-use.org\/en\/wp-json\/wp\/v2\/posts\/427\/revisions"}],"predecessor-version":[{"id":428,"href":"https:\/\/ai-fair-use.org\/en\/wp-json\/wp\/v2\/posts\/427\/revisions\/428"}],"wp:attachment":[{"href":"https:\/\/ai-fair-use.org\/en\/wp-json\/wp\/v2\/media?parent=427"}],"wp:term":[{"taxonomy":"category","embeddable":true,"href":"https:\/\/ai-fair-use.org\/en\/wp-json\/wp\/v2\/categories?post=427"},{"taxonomy":"post_tag","embeddable":true,"href":"https:\/\/ai-fair-use.org\/en\/wp-json\/wp\/v2\/tags?post=427"}],"curies":[{"name":"wp","href":"https:\/\/api.w.org\/{rel}","templated":true}]}}